{"id":180,"date":"2017-01-18T09:37:14","date_gmt":"2017-01-18T08:37:14","guid":{"rendered":"http:\/\/blog.fm32.de\/?p=180"},"modified":"2017-02-02T13:41:16","modified_gmt":"2017-02-02T12:41:16","slug":"einladung-fuer-unser-klassentreffen-2017","status":"publish","type":"post","link":"http:\/\/blog.fm32.de\/?p=180","title":{"rendered":"Einladung f\u00fcr unser Klassentreffen 2017"},"content":{"rendered":"<p>Hallo Ihr Lieben,<\/p>\n<p>zuallererst mal herzlichen Dank an Robert f\u00fcr die Links zu den Videos, ich hab mich gestern schon sehr daran erfreut :-)!<br \/>\nHiermit m\u00f6chte ich Euch alle nochmals herzlich zu unserem Klassentreffen einladen! Lang ist es her, seit wir uns zusammen in die Lehre begaben 31 Jahre, hui!!!! Da auch das letzte Klassentreffen mittlerweile 5 Jahre her ist,\u00a0 wurde es mal Zeit und so haben Reinhard und ich (jaja, eigentlich wollten sich ja mal andere darum k\u00fcmmern ;-)) uns abgesprochen und vom 5.-7.5.2017 ein Domizil (eigentlich mehrere Kleine) gebucht.<\/p>\n<p>Wir treffen uns in alter Frische und mit Sport- und Wanderbegeisterung in der <a href=\"http:\/\/www.oelmuehle-eberstedt.de\/index.php?option=com_content&amp;view=article&amp;id=65&amp;Itemid=66&amp;lang=de\" target=\"_blank\">\u00d6hlm\u00fchle Eberstedt<\/a> im beschaulichen Th\u00fcringen. Wir schlafen schwingend in den schwimmenden H\u00fctten oder im Planwagen, je nach Wunsch. Fr\u00fchst\u00fcck ist mit dabei und einen Plan f\u00fcrs Wochenende werden wir uns noch \u00fcberlegen, es gibt ja genug M\u00f6glichkeiten in der Umgebung.<\/p>\n<p>Bisher gab es 13 R\u00fcckmeldungen:<br \/>\nLeider kann Ricco wegen Auslandsaufenthalt nicht in Deutschland sein und Annett ist mit Ihrer Baumschule zu dem Zeitpunkt sehr ausgelastet, was ich auch sehr schade finde. Kerstin kann leider auch nicht. Ich bitte alle, die sich noch nicht eingetragen haben, auch wenn ihr nicht teilnehmen k\u00f6nnt, euch hier <a href=\"http:\/\/doodle.com\/poll\/89ymgf3kdn6qnpaz\" target=\"_blank\">bei Doodle einzutragen<\/a><a href=\"http:\/\/doodle.com\/poll\/89ymgf3kdn6qnpaz\" target=\"_blank\">,<\/a> damit wir noch ein bisschen besser planen k\u00f6nnen.<br \/>\nIch freue mich schon sehr auf Euch.<\/p>\n<p>Lasst es euch gut gehen und bleibt gesund!<\/p>\n<p>Liebe Gr\u00fc\u00dfe<br \/>\nKatrin<\/p>\n","protected":false},"excerpt":{"rendered":"<p>Hallo Ihr Lieben, zuallererst mal herzlichen Dank an Robert f\u00fcr die Links zu den Videos, ich hab mich gestern schon sehr daran erfreut :-)! Hiermit m\u00f6chte ich Euch alle nochmals herzlich zu unserem Klassentreffen einladen! Lang ist es her, seit wir uns zusammen in die Lehre begaben 31 Jahre, hui!!!! Da auch das letzte Klassentreffen &hellip; <a href=\"http:\/\/blog.fm32.de\/?p=180\" class=\"more-link\"><span class=\"screen-reader-text\">Einladung f\u00fcr unser Klassentreffen 2017<\/span> weiterlesen <span class=\"meta-nav\">&rarr;<\/span><\/a><\/p>\n","protected":false},"author":2,"featured_media":0,"comment_status":"open","ping_status":"open","sticky":false,"template":"","format":"standard","meta":{"footnotes":""},"categories":[1],"tags":[],"class_list":["post-180","post","type-post","status-publish","format-standard","hentry","category-uncategorized"],"_links":{"self":[{"href":"http:\/\/blog.fm32.de\/index.php?rest_route=\/wp\/v2\/posts\/180"}],"collection":[{"href":"http:\/\/blog.fm32.de\/index.php?rest_route=\/wp\/v2\/posts"}],"about":[{"href":"http:\/\/blog.fm32.de\/index.php?rest_route=\/wp\/v2\/types\/post"}],"author":[{"embeddable":true,"href":"http:\/\/blog.fm32.de\/index.php?rest_route=\/wp\/v2\/users\/2"}],"replies":[{"embeddable":true,"href":"http:\/\/blog.fm32.de\/index.php?rest_route=%2Fwp%2Fv2%2Fcomments&post=180"}],"version-history":[{"count":4,"href":"http:\/\/blog.fm32.de\/index.php?rest_route=\/wp\/v2\/posts\/180\/revisions"}],"predecessor-version":[{"id":610,"href":"http:\/\/blog.fm32.de\/index.php?rest_route=\/wp\/v2\/posts\/180\/revisions\/610"}],"wp:attachment":[{"href":"http:\/\/blog.fm32.de\/index.php?rest_route=%2Fwp%2Fv2%2Fmedia&parent=180"}],"wp:term":[{"taxonomy":"category","embeddable":true,"href":"http:\/\/blog.fm32.de\/index.php?rest_route=%2Fwp%2Fv2%2Fcategories&post=180"},{"taxonomy":"post_tag","embeddable":true,"href":"http:\/\/blog.fm32.de\/index.php?rest_route=%2Fwp%2Fv2%2Ftags&post=180"}],"curies":[{"name":"wp","href":"https:\/\/api.w.org\/{rel}","templated":true}]}}